{"id":299,"date":"2026-04-22T22:49:59","date_gmt":"2026-04-22T22:49:59","guid":{"rendered":"https:\/\/sarahandbendrix.com\/die-aesthetische-philosophie-von-designexzellenz-zur-gesichtsharmonie\/"},"modified":"2026-04-22T22:49:59","modified_gmt":"2026-04-22T22:49:59","slug":"die-aesthetische-philosophie-von-designexzellenz-zur-gesichtsharmonie","status":"publish","type":"post","link":"https:\/\/sarahandbendrix.com\/de\/die-aesthetische-philosophie-von-designexzellenz-zur-gesichtsharmonie\/","title":{"rendered":"Die \u00c4sthetische Philosophie: Von Designexzellenz zur Gesichtsharmonie"},"content":{"rendered":"<p data-path-to-node=\"3\">In der Welt der kuratierten \u00c4sthetik wurde Sch\u00f6nheit schon immer durch Gleichgewicht, Proportion und die Integrit\u00e4t der verwendeten Materialien definiert. Seit \u00fcber einem Jahrzehnt steht der Name <b data-path-to-node=\"3\" data-index-in-node=\"155\">Sarah &amp; Bendrix<\/b> f\u00fcr eine besondere Art visueller Exzellenz \u2013 eine, die in der zeitlosen Anziehungskraft nat\u00fcrlicher Texturen, minimalistischer Linien und der emotionalen Resonanz von gut durchdachtem Design verwurzelt ist. <\/p>\n<p data-path-to-node=\"4\">W\u00e4hrend wir uns weiterentwickeln, tragen wir diese gleiche Hingabe an die Sch\u00f6nheit in einen neuen Bereich: die <b data-path-to-node=\"4\" data-index-in-node=\"72\">Medizinische \u00c4sthetik<\/b>.<\/p>\n<p data-path-to-node=\"5\">Obwohl sich die Leinwand vom Zuhause zum menschlichen Gesicht verschoben hat, bleibt unsere Kernphilosophie unersch\u00fctterlich. Wir glauben, dass \u00e4sthetische Behandlungen, \u00e4hnlich wie meisterhaft gestaltete Objekte, eher versch\u00f6nern als \u00fcberw\u00e4ltigen sollten, indem sie die nat\u00fcrliche Architektur des Individuums zelebrieren. <\/p>\n<h3 data-path-to-node=\"6\">Die universelle Sprache der Proportion<\/h3>\n<p data-path-to-node=\"7\">Der \u00dcbergang von der Wertsch\u00e4tzung des \u201eGoldenen Schnitts\u201c in einem handwerklichen M\u00f6belst\u00fcck zur Anwendung in der Gesichtsverj\u00fcngung ist eine nat\u00fcrliche Entwicklung. Architektur und Anatomie teilen dieselben grundlegenden Prinzipien der Harmonie. <\/p>\n<p data-path-to-node=\"8\">Wenn wir unsere Auswahl an <b data-path-to-node=\"8\" data-index-in-node=\"32\">Dermal Fillern<\/b> und \u00e4sthetischen Protokollen kuratieren, wenden wir dasselbe \u201eDesignerauge\u201c an, das einst die feinsten nachhaltigen H\u00f6lzer und Textilien ausw\u00e4hlte. Wir suchen nach Produkten, die strukturelle Integrit\u00e4t, Langlebigkeit und eine nahtlose Integration in die nat\u00fcrlichen Konturen des K\u00f6rpers bieten. In unserer Vision ist eine gut durchgef\u00fchrte Filler-Behandlung wie ein perfekt platziertes architektonisches Element: Sie bietet Unterst\u00fctzung und Licht, wo es am dringendsten ben\u00f6tigt wird, und bleibt f\u00fcr das unge\u00fcbte Auge unsichtbar.  <\/p>\n<h3 data-path-to-node=\"9\">Ein Erbe an Qualit\u00e4t und Sicherheit<\/h3>\n<p data-path-to-node=\"10\">Unsere Geschichte basiert auf dem Vertrauen einer globalen Gemeinschaft. Die Erw\u00e4hnung in angesehenen Publikationen wie <b data-path-to-node=\"10\" data-index-in-node=\"105\">Vogue<\/b>, <b data-path-to-node=\"10\" data-index-in-node=\"112\">Ideal Home<\/b> und <b data-path-to-node=\"10\" data-index-in-node=\"128\">Apartment Therapy<\/b> war nicht nur eine W\u00fcrdigung unserer Produkte, sondern auch eine Anerkennung unseres Engagements f\u00fcr Qualit\u00e4t. <\/p>\n<p data-path-to-node=\"11\">Heute \u00fcbersetzt sich dieses Engagement in die rigorose Auswahl medizinischer Produkte. Sicherheit ist unser Erbe. So wie wir einst sicherstellten, dass jedes Design den h\u00f6chsten Standards f\u00fcr das Zuhause entsprach, stellen wir jetzt sicher, dass jede \u00e4sthetische L\u00f6sung die strengsten medizinischen Ma\u00dfst\u00e4be erf\u00fcllt. Wir bieten die Werkzeuge zur Transformation, gest\u00fctzt auf ein Erbe der Zuverl\u00e4ssigkeit, das unsere langj\u00e4hrigen Anh\u00e4nger erwarten.   <\/p>\n<h3 data-path-to-node=\"12\">Der \u201eWeniger ist mehr\u201c-Ansatz<\/h3>\n<p data-path-to-node=\"13\">Im Design resultiert die tiefgreifendste Wirkung oft aus den subtilsten Ver\u00e4nderungen. Dieses minimalistische Ethos ist der Herzschlag unseres klinischen Ansatzes. Das Ziel der modernen Gesichts\u00e4sthetik ist nicht, ein neues Gesicht zu schaffen, sondern die beste Version des Gesichts, das Sie haben, zum Vorschein zu bringen.  <\/p>\n<p data-path-to-node=\"14\">Ob es darum geht, Volumen wiederherzustellen, eine Kieferlinie zu definieren oder die Hautfeuchtigkeit zu verbessern, wir setzen uns f\u00fcr den \u201eunsichtbaren Touch\u201c ein. Wir glauben, dass wahre Sch\u00f6nheit in den Details liegt \u2013 dem leichten Lifting, der gegl\u00e4tteten Linie, dem wiederhergestellten Glanz. Es geht darum, den Charakter und die Geschichte des Gesichts zu bewahren und gleichzeitig die strukturelle Unterst\u00fctzung zu bieten, die es braucht, um mit Anmut zu altern.  <\/p>\n<h3 data-path-to-node=\"15\">Zwei Welten verbinden<\/h3>\n<p data-path-to-node=\"16\">An unsere langj\u00e4hrige Gemeinschaft, die uns \u00fcber die Jahre begleitet hat: Wir laden Sie ein, uns in diesem neuen Kapitel zu begleiten. Unsere Entwicklung vom Wohndesign zur medizinischen \u00c4sthetik ist ein Beweis f\u00fcr unseren Glauben, dass das Leben sch\u00f6ner ist, wenn es von Exzellenz umgeben ist. <\/p>\n<p data-path-to-node=\"17\">Wir sind immer noch Kuratoren der Sch\u00f6nheit. Wir sind immer noch detailversessen. Und wir sind immer noch bestrebt, Ihnen zu helfen, ein Leben \u2013 und einen Look \u2013 zu kreieren, der sich authentisch anf\u00fchlt.  <\/p>\n","protected":false},"excerpt":{"rendered":"<p>In der Welt der kuratierten \u00c4sthetik wurde Sch\u00f6nheit schon immer durch Gleichgewicht, Proportion und die Integrit\u00e4t der verwendeten Materialien definiert. Seit \u00fcber einem Jahrzehnt steht der Name Sarah &amp; Bendrix<\/p>\n","protected":false},"author":1,"featured_media":0,"comment_status":"open","ping_status":"open","sticky":false,"template":"","format":"standard","meta":{"_monsterinsights_skip_tracking":false,"_monsterinsights_sitenote_active":false,"_monsterinsights_sitenote_note":"","_monsterinsights_sitenote_category":0,"footnotes":""},"categories":[55],"tags":[],"class_list":["post-299","post","type-post","status-publish","format-standard","hentry","category-unkategorisiert"],"yoast_head":"<!-- This site is optimized with the Yoast SEO plugin v27.5 - https:\/\/yoast.com\/product\/yoast-seo-wordpress\/ -->\n<title>Die \u00c4sthetische Philosophie: Von Designexzellenz zur Gesichtsharmonie - Sarahandbendrix.com<\/title>\n<meta name=\"robots\" content=\"index, follow, max-snippet:-1, max-image-preview:large, max-video-preview:-1\" \/>\n<link rel=\"canonical\" href=\"https:\/\/sarahandbendrix.com\/de\/die-aesthetische-philosophie-von-designexzellenz-zur-gesichtsharmonie\/\" \/>\n<meta property=\"og:locale\" content=\"de_DE\" \/>\n<meta property=\"og:type\" content=\"article\" \/>\n<meta property=\"og:title\" content=\"Die \u00c4sthetische Philosophie: Von Designexzellenz zur Gesichtsharmonie - Sarahandbendrix.com\" \/>\n<meta property=\"og:description\" content=\"In der Welt der kuratierten \u00c4sthetik wurde Sch\u00f6nheit schon immer durch Gleichgewicht, Proportion und die Integrit\u00e4t der verwendeten Materialien definiert. Seit \u00fcber einem Jahrzehnt steht der Name Sarah &amp; Bendrix\" \/>\n<meta property=\"og:url\" content=\"https:\/\/sarahandbendrix.com\/de\/die-aesthetische-philosophie-von-designexzellenz-zur-gesichtsharmonie\/\" \/>\n<meta property=\"og:site_name\" content=\"Sarahandbendrix.com\" \/>\n<meta property=\"article:published_time\" content=\"2026-04-22T22:49:59+00:00\" \/>\n<meta name=\"author\" content=\"admin2000\" \/>\n<meta name=\"twitter:card\" content=\"summary_large_image\" \/>\n<meta name=\"twitter:label1\" content=\"Verfasst von\" \/>\n\t<meta name=\"twitter:data1\" content=\"admin2000\" \/>\n\t<meta name=\"twitter:label2\" content=\"Gesch\u00e4tzte Lesezeit\" \/>\n\t<meta name=\"twitter:data2\" content=\"3\u00a0Minuten\" \/>\n<script type=\"application\/ld+json\" class=\"yoast-schema-graph\">{\"@context\":\"https:\\\/\\\/schema.org\",\"@graph\":[{\"@type\":\"Article\",\"@id\":\"https:\\\/\\\/sarahandbendrix.com\\\/de\\\/die-aesthetische-philosophie-von-designexzellenz-zur-gesichtsharmonie\\\/#article\",\"isPartOf\":{\"@id\":\"https:\\\/\\\/sarahandbendrix.com\\\/de\\\/die-aesthetische-philosophie-von-designexzellenz-zur-gesichtsharmonie\\\/\"},\"author\":{\"name\":\"admin2000\",\"@id\":\"https:\\\/\\\/sarahandbendrix.com\\\/de\\\/#\\\/schema\\\/person\\\/b5af86a90c83f85f97051629313347af\"},\"headline\":\"Die \u00c4sthetische Philosophie: Von Designexzellenz zur Gesichtsharmonie\",\"datePublished\":\"2026-04-22T22:49:59+00:00\",\"mainEntityOfPage\":{\"@id\":\"https:\\\/\\\/sarahandbendrix.com\\\/de\\\/die-aesthetische-philosophie-von-designexzellenz-zur-gesichtsharmonie\\\/\"},\"wordCount\":583,\"commentCount\":0,\"publisher\":{\"@id\":\"https:\\\/\\\/sarahandbendrix.com\\\/de\\\/#organization\"},\"articleSection\":[\"Unkategorisiert\"],\"inLanguage\":\"de\",\"potentialAction\":[{\"@type\":\"CommentAction\",\"name\":\"Comment\",\"target\":[\"https:\\\/\\\/sarahandbendrix.com\\\/de\\\/die-aesthetische-philosophie-von-designexzellenz-zur-gesichtsharmonie\\\/#respond\"]}]},{\"@type\":\"WebPage\",\"@id\":\"https:\\\/\\\/sarahandbendrix.com\\\/de\\\/die-aesthetische-philosophie-von-designexzellenz-zur-gesichtsharmonie\\\/\",\"url\":\"https:\\\/\\\/sarahandbendrix.com\\\/de\\\/die-aesthetische-philosophie-von-designexzellenz-zur-gesichtsharmonie\\\/\",\"name\":\"Die \u00c4sthetische Philosophie: Von Designexzellenz zur Gesichtsharmonie - Sarahandbendrix.com\",\"isPartOf\":{\"@id\":\"https:\\\/\\\/sarahandbendrix.com\\\/de\\\/#website\"},\"datePublished\":\"2026-04-22T22:49:59+00:00\",\"breadcrumb\":{\"@id\":\"https:\\\/\\\/sarahandbendrix.com\\\/de\\\/die-aesthetische-philosophie-von-designexzellenz-zur-gesichtsharmonie\\\/#breadcrumb\"},\"inLanguage\":\"de\",\"potentialAction\":[{\"@type\":\"ReadAction\",\"target\":[\"https:\\\/\\\/sarahandbendrix.com\\\/de\\\/die-aesthetische-philosophie-von-designexzellenz-zur-gesichtsharmonie\\\/\"]}]},{\"@type\":\"BreadcrumbList\",\"@id\":\"https:\\\/\\\/sarahandbendrix.com\\\/de\\\/die-aesthetische-philosophie-von-designexzellenz-zur-gesichtsharmonie\\\/#breadcrumb\",\"itemListElement\":[{\"@type\":\"ListItem\",\"position\":1,\"name\":\"Startseite\",\"item\":\"https:\\\/\\\/sarahandbendrix.com\\\/de\\\/shop\\\/\"},{\"@type\":\"ListItem\",\"position\":2,\"name\":\"Die \u00c4sthetische Philosophie: Von Designexzellenz zur Gesichtsharmonie\"}]},{\"@type\":\"WebSite\",\"@id\":\"https:\\\/\\\/sarahandbendrix.com\\\/de\\\/#website\",\"url\":\"https:\\\/\\\/sarahandbendrix.com\\\/de\\\/\",\"name\":\"Buy Korean Fillers and Botox Wholesale on sarahandbendrix\",\"description\":\"Buy Korean botox, dermal fillers &amp; meso products online. Apply for wholesale pricing on professional aesthetic supplies.\",\"publisher\":{\"@id\":\"https:\\\/\\\/sarahandbendrix.com\\\/de\\\/#organization\"},\"potentialAction\":[{\"@type\":\"SearchAction\",\"target\":{\"@type\":\"EntryPoint\",\"urlTemplate\":\"https:\\\/\\\/sarahandbendrix.com\\\/de\\\/?s={search_term_string}\"},\"query-input\":{\"@type\":\"PropertyValueSpecification\",\"valueRequired\":true,\"valueName\":\"search_term_string\"}}],\"inLanguage\":\"de\"},{\"@type\":\"Organization\",\"@id\":\"https:\\\/\\\/sarahandbendrix.com\\\/de\\\/#organization\",\"name\":\"Buy Korean Fillers and Botox Wholesale on sarahandbendrix\",\"url\":\"https:\\\/\\\/sarahandbendrix.com\\\/de\\\/\",\"logo\":{\"@type\":\"ImageObject\",\"inLanguage\":\"de\",\"@id\":\"https:\\\/\\\/sarahandbendrix.com\\\/de\\\/#\\\/schema\\\/logo\\\/image\\\/\",\"url\":\"https:\\\/\\\/sarahandbendrix.com\\\/wp-content\\\/uploads\\\/2026\\\/04\\\/cropped-cropped-ChatGPT-Image-21-apr-2026-18_38_12-1.png\",\"contentUrl\":\"https:\\\/\\\/sarahandbendrix.com\\\/wp-content\\\/uploads\\\/2026\\\/04\\\/cropped-cropped-ChatGPT-Image-21-apr-2026-18_38_12-1.png\",\"width\":1032,\"height\":586,\"caption\":\"Buy Korean Fillers and Botox Wholesale on sarahandbendrix\"},\"image\":{\"@id\":\"https:\\\/\\\/sarahandbendrix.com\\\/de\\\/#\\\/schema\\\/logo\\\/image\\\/\"}},{\"@type\":\"Person\",\"@id\":\"https:\\\/\\\/sarahandbendrix.com\\\/de\\\/#\\\/schema\\\/person\\\/b5af86a90c83f85f97051629313347af\",\"name\":\"admin2000\",\"image\":{\"@type\":\"ImageObject\",\"inLanguage\":\"de\",\"@id\":\"https:\\\/\\\/secure.gravatar.com\\\/avatar\\\/4cc314bb8bc428ea7a2aa7a362950d732a85ab527f651994014dbe5a0133561c?s=96&d=mm&r=g\",\"url\":\"https:\\\/\\\/secure.gravatar.com\\\/avatar\\\/4cc314bb8bc428ea7a2aa7a362950d732a85ab527f651994014dbe5a0133561c?s=96&d=mm&r=g\",\"contentUrl\":\"https:\\\/\\\/secure.gravatar.com\\\/avatar\\\/4cc314bb8bc428ea7a2aa7a362950d732a85ab527f651994014dbe5a0133561c?s=96&d=mm&r=g\",\"caption\":\"admin2000\"},\"sameAs\":[\"https:\\\/\\\/sarahandbendrix.com\"],\"url\":\"https:\\\/\\\/sarahandbendrix.com\\\/de\\\/author\\\/admin2000\\\/\"}]}<\/script>\n<!-- \/ Yoast SEO plugin. -->","yoast_head_json":{"title":"Die \u00c4sthetische Philosophie: Von Designexzellenz zur Gesichtsharmonie - Sarahandbendrix.com","robots":{"index":"index","follow":"follow","max-snippet":"max-snippet:-1","max-image-preview":"max-image-preview:large","max-video-preview":"max-video-preview:-1"},"canonical":"https:\/\/sarahandbendrix.com\/de\/die-aesthetische-philosophie-von-designexzellenz-zur-gesichtsharmonie\/","og_locale":"de_DE","og_type":"article","og_title":"Die \u00c4sthetische Philosophie: Von Designexzellenz zur Gesichtsharmonie - Sarahandbendrix.com","og_description":"In der Welt der kuratierten \u00c4sthetik wurde Sch\u00f6nheit schon immer durch Gleichgewicht, Proportion und die Integrit\u00e4t der verwendeten Materialien definiert. Seit \u00fcber einem Jahrzehnt steht der Name Sarah &amp; Bendrix","og_url":"https:\/\/sarahandbendrix.com\/de\/die-aesthetische-philosophie-von-designexzellenz-zur-gesichtsharmonie\/","og_site_name":"Sarahandbendrix.com","article_published_time":"2026-04-22T22:49:59+00:00","author":"admin2000","twitter_card":"summary_large_image","twitter_misc":{"Verfasst von":"admin2000","Gesch\u00e4tzte Lesezeit":"3\u00a0Minuten"},"schema":{"@context":"https:\/\/schema.org","@graph":[{"@type":"Article","@id":"https:\/\/sarahandbendrix.com\/de\/die-aesthetische-philosophie-von-designexzellenz-zur-gesichtsharmonie\/#article","isPartOf":{"@id":"https:\/\/sarahandbendrix.com\/de\/die-aesthetische-philosophie-von-designexzellenz-zur-gesichtsharmonie\/"},"author":{"name":"admin2000","@id":"https:\/\/sarahandbendrix.com\/de\/#\/schema\/person\/b5af86a90c83f85f97051629313347af"},"headline":"Die \u00c4sthetische Philosophie: Von Designexzellenz zur Gesichtsharmonie","datePublished":"2026-04-22T22:49:59+00:00","mainEntityOfPage":{"@id":"https:\/\/sarahandbendrix.com\/de\/die-aesthetische-philosophie-von-designexzellenz-zur-gesichtsharmonie\/"},"wordCount":583,"commentCount":0,"publisher":{"@id":"https:\/\/sarahandbendrix.com\/de\/#organization"},"articleSection":["Unkategorisiert"],"inLanguage":"de","potentialAction":[{"@type":"CommentAction","name":"Comment","target":["https:\/\/sarahandbendrix.com\/de\/die-aesthetische-philosophie-von-designexzellenz-zur-gesichtsharmonie\/#respond"]}]},{"@type":"WebPage","@id":"https:\/\/sarahandbendrix.com\/de\/die-aesthetische-philosophie-von-designexzellenz-zur-gesichtsharmonie\/","url":"https:\/\/sarahandbendrix.com\/de\/die-aesthetische-philosophie-von-designexzellenz-zur-gesichtsharmonie\/","name":"Die \u00c4sthetische Philosophie: Von Designexzellenz zur Gesichtsharmonie - Sarahandbendrix.com","isPartOf":{"@id":"https:\/\/sarahandbendrix.com\/de\/#website"},"datePublished":"2026-04-22T22:49:59+00:00","breadcrumb":{"@id":"https:\/\/sarahandbendrix.com\/de\/die-aesthetische-philosophie-von-designexzellenz-zur-gesichtsharmonie\/#breadcrumb"},"inLanguage":"de","potentialAction":[{"@type":"ReadAction","target":["https:\/\/sarahandbendrix.com\/de\/die-aesthetische-philosophie-von-designexzellenz-zur-gesichtsharmonie\/"]}]},{"@type":"BreadcrumbList","@id":"https:\/\/sarahandbendrix.com\/de\/die-aesthetische-philosophie-von-designexzellenz-zur-gesichtsharmonie\/#breadcrumb","itemListElement":[{"@type":"ListItem","position":1,"name":"Startseite","item":"https:\/\/sarahandbendrix.com\/de\/shop\/"},{"@type":"ListItem","position":2,"name":"Die \u00c4sthetische Philosophie: Von Designexzellenz zur Gesichtsharmonie"}]},{"@type":"WebSite","@id":"https:\/\/sarahandbendrix.com\/de\/#website","url":"https:\/\/sarahandbendrix.com\/de\/","name":"Buy Korean Fillers and Botox Wholesale on sarahandbendrix","description":"Buy Korean botox, dermal fillers &amp; meso products online. Apply for wholesale pricing on professional aesthetic supplies.","publisher":{"@id":"https:\/\/sarahandbendrix.com\/de\/#organization"},"potentialAction":[{"@type":"SearchAction","target":{"@type":"EntryPoint","urlTemplate":"https:\/\/sarahandbendrix.com\/de\/?s={search_term_string}"},"query-input":{"@type":"PropertyValueSpecification","valueRequired":true,"valueName":"search_term_string"}}],"inLanguage":"de"},{"@type":"Organization","@id":"https:\/\/sarahandbendrix.com\/de\/#organization","name":"Buy Korean Fillers and Botox Wholesale on sarahandbendrix","url":"https:\/\/sarahandbendrix.com\/de\/","logo":{"@type":"ImageObject","inLanguage":"de","@id":"https:\/\/sarahandbendrix.com\/de\/#\/schema\/logo\/image\/","url":"https:\/\/sarahandbendrix.com\/wp-content\/uploads\/2026\/04\/cropped-cropped-ChatGPT-Image-21-apr-2026-18_38_12-1.png","contentUrl":"https:\/\/sarahandbendrix.com\/wp-content\/uploads\/2026\/04\/cropped-cropped-ChatGPT-Image-21-apr-2026-18_38_12-1.png","width":1032,"height":586,"caption":"Buy Korean Fillers and Botox Wholesale on sarahandbendrix"},"image":{"@id":"https:\/\/sarahandbendrix.com\/de\/#\/schema\/logo\/image\/"}},{"@type":"Person","@id":"https:\/\/sarahandbendrix.com\/de\/#\/schema\/person\/b5af86a90c83f85f97051629313347af","name":"admin2000","image":{"@type":"ImageObject","inLanguage":"de","@id":"https:\/\/secure.gravatar.com\/avatar\/4cc314bb8bc428ea7a2aa7a362950d732a85ab527f651994014dbe5a0133561c?s=96&d=mm&r=g","url":"https:\/\/secure.gravatar.com\/avatar\/4cc314bb8bc428ea7a2aa7a362950d732a85ab527f651994014dbe5a0133561c?s=96&d=mm&r=g","contentUrl":"https:\/\/secure.gravatar.com\/avatar\/4cc314bb8bc428ea7a2aa7a362950d732a85ab527f651994014dbe5a0133561c?s=96&d=mm&r=g","caption":"admin2000"},"sameAs":["https:\/\/sarahandbendrix.com"],"url":"https:\/\/sarahandbendrix.com\/de\/author\/admin2000\/"}]}},"_links":{"self":[{"href":"https:\/\/sarahandbendrix.com\/de\/wp-json\/wp\/v2\/posts\/299","targetHints":{"allow":["GET"]}}],"collection":[{"href":"https:\/\/sarahandbendrix.com\/de\/wp-json\/wp\/v2\/posts"}],"about":[{"href":"https:\/\/sarahandbendrix.com\/de\/wp-json\/wp\/v2\/types\/post"}],"author":[{"embeddable":true,"href":"https:\/\/sarahandbendrix.com\/de\/wp-json\/wp\/v2\/users\/1"}],"replies":[{"embeddable":true,"href":"https:\/\/sarahandbendrix.com\/de\/wp-json\/wp\/v2\/comments?post=299"}],"version-history":[{"count":0,"href":"https:\/\/sarahandbendrix.com\/de\/wp-json\/wp\/v2\/posts\/299\/revisions"}],"wp:attachment":[{"href":"https:\/\/sarahandbendrix.com\/de\/wp-json\/wp\/v2\/media?parent=299"}],"wp:term":[{"taxonomy":"category","embeddable":true,"href":"https:\/\/sarahandbendrix.com\/de\/wp-json\/wp\/v2\/categories?post=299"},{"taxonomy":"post_tag","embeddable":true,"href":"https:\/\/sarahandbendrix.com\/de\/wp-json\/wp\/v2\/tags?post=299"}],"curies":[{"name":"wp","href":"https:\/\/api.w.org\/{rel}","templated":true}]}}